{"id":627,"date":"2018-07-10T13:43:00","date_gmt":"2018-07-10T12:43:00","guid":{"rendered":"http:\/\/beautystudiorefresh.rs\/blog\/?p=627"},"modified":"2018-07-11T12:01:09","modified_gmt":"2018-07-11T11:01:09","slug":"najveci-alfaparf-dogadaj-u-srbiji","status":"publish","type":"post","link":"https:\/\/beautystudiorefresh.rs\/blog\/najveci-alfaparf-dogadaj-u-srbiji\/","title":{"rendered":"Najve\u0107i Alfaparf doga\u0111aj u Srbiji"},"content":{"rendered":"<h1>Najve\u0107i Alfaparf doga\u0111aj u Srbiji<\/h1>\n<p>Do sada ste verovatno \u010duli za italijanski brend Alfaparf, koji proizvodi profesionalne preparate za kosu. \u017deleli bi da vas obavestimo da \u0107e ove godine biti odr\u017ean <strong>najve\u0107i Alfaparf doga\u0111aj u Srbiji<\/strong> do sad. Doga\u0111aj \u0107e se odr\u017eati 9. oktobra 2018. godine u Beogradu,\u00a0 u popodnevnim \u010dasovima u Topofthehub (U\u0161\u0107e Business Centar).<\/p>\n<p><img loading=\"lazy\" decoding=\"async\" class=\"aligncenter wp-image-628 size-medium\" src=\"http:\/\/beautystudiorefresh.rs\/blog\/wp-content\/uploads\/2018\/07\/Alfaparf-Srbija-show-300x215.jpg\" alt=\"Najve\u0107i Alfaparf doga\u0111aj u Srbiji\" width=\"300\" height=\"215\" \/><\/p>\n<h4>Upoznajte se malo sa brendom Alfaparf<\/h4>\n<p><em>Alfaparf<\/em>\u00a0Milano je vode\u0107i italijanski proizvo\u0111a\u010d profesionalnih boja, proizvoda za negu i stilizovanje kose. Brend koji je stvoren\u00a0u Italiji pre 35 godina. Danas prisutan na svih pet kontinenata.\u00a0Svi proizvodi su namenjeni profesionalcima u nezi kose \u0161irom sveta. Svake sekunde, \u0161irom planete, po jedna \u017eena iza\u0111e iz frizerskog salona sa Alfaparf bojom na svojoj kosi.<\/p>\n<h2>Uputimo vas u sam doga\u0111aj<\/h2>\n<p>NE PROPUSTITE NAJVE\u0106I ALFAPARF DOGA\u0110AJ U SRBIJI! Jedinstvena prilika da se upoznate, razmenjujete iskustva, dru\u017eite uz koktel sa stranim najve\u0107im stilistama i na\u0161im majstorima frizeraja. Na sceni \u0107e biti preko 20 modela, modeli \u0107e se raditi na samoj bini. Sam show \u0107e trajati 2sata, nekog \u010dega sledi open bar sa neograni\u010denim pi\u0107em i dj nastupom. Saznajte ko \u0107e nastupati na sceni.<\/p>\n<ul>\n<li><a href=\"https:\/\/www.instagram.com\/ruslantatyanin\/\"><strong>Ruslan Tatyanin<\/strong><\/a> &#8211; Ruski frizerski velemajstor, trenutno najbolji majstor u pravljenju pun\u0111i i dugih frizura<\/li>\n<\/ul>\n<p><strong>Ruslan Tatyanin<\/strong> je svetski stilista, \u0161minker i frizerski velemajstor. &#8221;Maestro duge kose&#8221; &#8211; ovaj epitet je dobio u novinskim \u010dlancima. Me\u0111u njegovim projektima je fotografisanje \u010dasopisa &#8221;Voque&#8221; i &#8221;Bazar&#8221; i stvaranje slika za pozori\u0161ne predstave i TV programe. Ruslan je autor emisija najpresti\u017enijih kongresnih festivala &#8211; &#8221;Zlatna ru\u017ea&#8221; u Parizu i &#8221;Svet lepote&#8221; u Kremlju. Dobitnik je mnogih priznanja i nagrada. Izdao je nekoliko knjiga i dvd-a sa svojim tutorijalima. Od 2011 godine je \u010dlan internacionalnog tima Alfaparf Milano. Poseduje svoju akademiju za frizere koja je prisuta u mnogim gradovima \u0161irom sveta, Dubai, Barselona, Los An\u0111eles, Mumbai.<\/p>\n<blockquote><p><img loading=\"lazy\" decoding=\"async\" class=\"size-medium aligncenter\" src=\"http:\/\/www.best-event.ro\/uploaded\/events\/7999_poster.jpg\" width=\"182\" height=\"277\" \/><\/p><\/blockquote>\n<ul>\n<li><a href=\"https:\/\/www.instagram.com\/aranciofrancesco\/\"><strong>Francesco Arancio<\/strong><\/a> &#8211; Internacionalni edukator brenda Alfaparf Milano &#8211; kolorista i stilista<\/li>\n<\/ul>\n<p><strong>Francesco<\/strong> je zapo\u010deo svoju karijeru kao frizer za mu\u0161karce, ali je se odmar fokusirao na stilizovanje \u017eena. Nakon \u0161to se usavr\u0161avao na nekoliko frizerskih akademija u Engleskoj, \u0160paniji i Italiji, otvorio je svoj salon u Palermu. Trenutno radi u zemljama kao \u0161to su Dubai, Maroko, Bugarska i Ukrajna. Njegove re\u010di su &#8221;Ja donosim italijanske tehnike \u0161i\u0161anja i boje u ostatak sveta&#8221;.<\/p>\n<p><img loading=\"lazy\" decoding=\"async\" class=\"aligncenter\" src=\"http:\/\/www.francescoarancio.it\/assets\/52.jpeg\" width=\"183\" height=\"183\" \/><\/p>\n<ul>\n<li><a href=\"https:\/\/www.instagram.com\/eliabemoreira\/\"><strong>Eliabe Moreira<\/strong><\/a> &#8211; Internacionalni edukator brenda Alfaparf Milano &#8211; majstor u \u0161i\u0161anju kose<\/li>\n<\/ul>\n<p>Frizer <strong>Eliabe Moreira<\/strong> je postao poznat po svom talentu u rezovima prikom \u0161i\u0161anja i pravljenju frizura koju je nasledio od svoje majke koja ga je rano usmerila na frizersku praksu. Do svoje 22godine zavr\u0161io je 52 tehni\u010dka frizerska kursa.\u00a0 Vlasnik je salona Black White Studium u Porto Velho u Brazilu, koji \u010dini preko 40 zaposlenih.<\/p>\n<blockquote><p><img loading=\"lazy\" decoding=\"async\" class=\"aligncenter\" src=\"http:\/\/www.bwstudium.com.br\/wp-content\/uploads\/2016\/11\/Eliabe_Moreira_166.jpg?gid=2\" width=\"169\" height=\"187\" \/><\/p><\/blockquote>\n<ul>\n<li><strong>Tim Srbija<\/strong> &#8211; nekoliko doma\u0107ih frizera koji \u0107e poka\u017eati svoje ve\u0161tine, mo\u017eemo vam za sad samo re\u0107i da \u0107e nastupiti tim <a href=\"https:\/\/www.instagram.com\/investinyourhair\"><strong>Invest in your Hair<\/strong><\/a> koji \u010dine mladi frizeri <a href=\"http:\/\/beautystudiorefresh.rs\/blog\/intervju-ivana-blagojevic-frizer-tema-farbanje-kose\/\"><strong>Ivana Blagojevi\u0107<\/strong><\/a> i <strong>Aleksandar Dodi\u0107<\/strong>, a za ostale o\u010dekujte informacije uskoro.<\/li>\n<\/ul>\n<p><img loading=\"lazy\" decoding=\"async\" class=\"alignnone wp-image-630\" src=\"http:\/\/beautystudiorefresh.rs\/blog\/wp-content\/uploads\/2018\/07\/investinyourhair-300x300.jpg\" alt=\"\" width=\"214\" height=\"214\" \/>\u00a0\u00a0<img loading=\"lazy\" decoding=\"async\" class=\"alignnone wp-image-632\" src=\"http:\/\/beautystudiorefresh.rs\/blog\/wp-content\/uploads\/2018\/07\/Invest-in-your-Hair-300x300.png\" alt=\"\" width=\"190\" height=\"190\" srcset=\"https:\/\/beautystudiorefresh.rs\/blog\/wp-content\/uploads\/2018\/07\/Invest-in-your-Hair-300x300.png 300w, https:\/\/beautystudiorefresh.rs\/blog\/wp-content\/uploads\/2018\/07\/Invest-in-your-Hair-150x150.png 150w, https:\/\/beautystudiorefresh.rs\/blog\/wp-content\/uploads\/2018\/07\/Invest-in-your-Hair.png 500w\" sizes=\"(max-width: 190px) 100vw, 190px\" \/><\/p>\n<p>&nbsp;<\/p>\n<h2>Rezime<\/h2>\n<p>Napomenimo jo\u0161 jednom: <strong>najve\u0107i Alfaparf doga\u0111aj u Srbiji <\/strong>se odr\u017eava <strong>9.oktobra 2018.<\/strong> godine u Beogradu, u popodnevnim \u010dasovima\u00a0u\u00a0<strong>Topofthehub<\/strong> (U\u0161\u0107e Business Centar).\u00a0 Za ovaj show je potrebno obezbediti karte na vreme, jer je interesovanje veliko. Cena karte je <strong>6000rsd<\/strong>, stim \u0161to ukoliko svoju kartu obezbedite do 1.8.2018. cena \u0107e biti <strong>4800rsd<\/strong>. Karte mo\u017eete kupiti preko nas, ostavite poruku u tekstu ili putem stranice na <strong><a href=\"https:\/\/www.instagram.com\/beautystudiorefresh\">instagramu<\/a><\/strong> ili <strong><a href=\"https:\/\/www.facebook.com\/BeautyStudioRefresh\/\">facebook<\/a><\/strong>.<\/p>\n<p>&nbsp;<\/p>\n<p title=\"ruslantatyanin\">\n<p class=\"AC5d8 notranslate\" style=\"text-align: right;\" title=\"ruslantatyanin\">Copyright \u00a9 BeautystudioRefresh 2018<\/p>\n<p style=\"text-align: right;\"><img loading=\"lazy\" decoding=\"async\" class=\"alignnone size-medium wp-image-511\" src=\"http:\/\/beautystudiorefresh.rs\/blog\/wp-content\/uploads\/2018\/02\/17021870_834338230037376_7443113752623548245_n-300x68.jpg\" alt=\"\" width=\"300\" height=\"68\" \/><\/p>\n","protected":false},"excerpt":{"rendered":"<p>Najve\u0107i Alfaparf doga\u0111aj u Srbiji Do sada ste verovatno \u010duli za italijanski brend Alfaparf, koji proizvodi profesionalne preparate za kosu. \u017deleli bi da vas obavestimo da \u0107e ove godine biti odr\u017ean najve\u0107i Alfaparf doga\u0111aj u Srbiji do sad. Doga\u0111aj \u0107e se odr\u017eati 9. oktobra 2018. godine u Beogradu,\u00a0 u popodnevnim \u010dasovima u Topofthehub (U\u0161\u0107e Business &hellip;<\/p>\n","protected":false},"author":1,"featured_media":628,"comment_status":"open","ping_status":"open","sticky":false,"template":"","format":"standard","meta":{"_exactmetrics_skip_tracking":false,"_exactmetrics_sitenote_active":false,"_exactmetrics_sitenote_note":"","_exactmetrics_sitenote_category":0,"footnotes":""},"categories":[98,1],"tags":[39,99,104,105,100,102,101,103],"yoast_head":"<!-- This site is optimized with the Yoast SEO plugin v22.4 - https:\/\/yoast.com\/wordpress\/plugins\/seo\/ -->\n<title>Najve\u0107i Alfaparf doga\u0111aj u Srbiji - Beauty Studio Refresh blog<\/title>\n<meta name=\"description\" content=\"Do sada ste verovatno \u010duli za italijanski brend Alfaparf, koji proizvodi profesionalne preparate za kosu. \u017deleli bi da vas obavestimo da \u0107e ove godine biti odr\u017ean najve\u0107i Alfaparf doga\u0111aj u Srbiji do sad.\" \/>\n<meta name=\"robots\" content=\"index, follow, max-snippet:-1, max-image-preview:large, max-video-preview:-1\" \/>\n<link rel=\"canonical\" href=\"https:\/\/beautystudiorefresh.rs\/blog\/najveci-alfaparf-dogadaj-u-srbiji\/\" \/>\n<meta property=\"og:locale\" content=\"en_US\" \/>\n<meta property=\"og:type\" content=\"article\" \/>\n<meta property=\"og:title\" content=\"Najve\u0107i Alfaparf doga\u0111aj u Srbiji - Beauty Studio Refresh blog\" \/>\n<meta property=\"og:description\" content=\"Do sada ste verovatno \u010duli za italijanski brend Alfaparf, koji proizvodi profesionalne preparate za kosu. \u017deleli bi da vas obavestimo da \u0107e ove godine biti odr\u017ean najve\u0107i Alfaparf doga\u0111aj u Srbiji do sad.\" \/>\n<meta property=\"og:url\" content=\"https:\/\/beautystudiorefresh.rs\/blog\/najveci-alfaparf-dogadaj-u-srbiji\/\" \/>\n<meta property=\"og:site_name\" content=\"Beauty Studio Refresh blog\" \/>\n<meta property=\"article:publisher\" content=\"https:\/\/www.facebook.com\/BeautyStudioRefresh\/\" \/>\n<meta property=\"article:published_time\" content=\"2018-07-10T12:43:00+00:00\" \/>\n<meta property=\"article:modified_time\" content=\"2018-07-11T11:01:09+00:00\" \/>\n<meta property=\"og:image\" content=\"https:\/\/beautystudiorefresh.rs\/blog\/wp-content\/uploads\/2018\/07\/Alfaparf-Srbija-show-e1530976189901.jpg\" \/>\n\t<meta property=\"og:image:width\" content=\"600\" \/>\n\t<meta property=\"og:image:height\" content=\"430\" \/>\n\t<meta property=\"og:image:type\" content=\"image\/jpeg\" \/>\n<meta name=\"author\" content=\"Lazar Jovanovi\u0107\" \/>\n<meta name=\"twitter:card\" content=\"summary_large_image\" \/>\n<meta name=\"twitter:label1\" content=\"Written by\" \/>\n\t<meta name=\"twitter:data1\" content=\"Lazar Jovanovi\u0107\" \/>\n\t<meta name=\"twitter:label2\" content=\"Est. reading time\" \/>\n\t<meta name=\"twitter:data2\" content=\"3 minutes\" \/>\n<!-- \/ Yoast SEO plugin. -->","yoast_head_json":{"title":"Najve\u0107i Alfaparf doga\u0111aj u Srbiji - Beauty Studio Refresh blog","description":"Do sada ste verovatno \u010duli za italijanski brend Alfaparf, koji proizvodi profesionalne preparate za kosu. \u017deleli bi da vas obavestimo da \u0107e ove godine biti odr\u017ean najve\u0107i Alfaparf doga\u0111aj u Srbiji do sad.","robots":{"index":"index","follow":"follow","max-snippet":"max-snippet:-1","max-image-preview":"max-image-preview:large","max-video-preview":"max-video-preview:-1"},"canonical":"https:\/\/beautystudiorefresh.rs\/blog\/najveci-alfaparf-dogadaj-u-srbiji\/","og_locale":"en_US","og_type":"article","og_title":"Najve\u0107i Alfaparf doga\u0111aj u Srbiji - Beauty Studio Refresh blog","og_description":"Do sada ste verovatno \u010duli za italijanski brend Alfaparf, koji proizvodi profesionalne preparate za kosu. \u017deleli bi da vas obavestimo da \u0107e ove godine biti odr\u017ean najve\u0107i Alfaparf doga\u0111aj u Srbiji do sad.","og_url":"https:\/\/beautystudiorefresh.rs\/blog\/najveci-alfaparf-dogadaj-u-srbiji\/","og_site_name":"Beauty Studio Refresh blog","article_publisher":"https:\/\/www.facebook.com\/BeautyStudioRefresh\/","article_published_time":"2018-07-10T12:43:00+00:00","article_modified_time":"2018-07-11T11:01:09+00:00","og_image":[{"width":600,"height":430,"url":"https:\/\/beautystudiorefresh.rs\/blog\/wp-content\/uploads\/2018\/07\/Alfaparf-Srbija-show-e1530976189901.jpg","type":"image\/jpeg"}],"author":"Lazar Jovanovi\u0107","twitter_card":"summary_large_image","twitter_misc":{"Written by":"Lazar Jovanovi\u0107","Est. reading time":"3 minutes"},"schema":{"@context":"https:\/\/schema.org","@graph":[{"@type":"Article","@id":"https:\/\/beautystudiorefresh.rs\/blog\/najveci-alfaparf-dogadaj-u-srbiji\/#article","isPartOf":{"@id":"https:\/\/beautystudiorefresh.rs\/blog\/najveci-alfaparf-dogadaj-u-srbiji\/"},"author":{"name":"Lazar Jovanovi\u0107","@id":"https:\/\/beautystudiorefresh.rs\/blog\/#\/schema\/person\/e7e2156e1ec4c1b04d9fae95d99ada52"},"headline":"Najve\u0107i Alfaparf doga\u0111aj u Srbiji","datePublished":"2018-07-10T12:43:00+00:00","dateModified":"2018-07-11T11:01:09+00:00","mainEntityOfPage":{"@id":"https:\/\/beautystudiorefresh.rs\/blog\/najveci-alfaparf-dogadaj-u-srbiji\/"},"wordCount":593,"commentCount":2,"publisher":{"@id":"https:\/\/beautystudiorefresh.rs\/blog\/#organization"},"image":{"@id":"https:\/\/beautystudiorefresh.rs\/blog\/najveci-alfaparf-dogadaj-u-srbiji\/#primaryimage"},"thumbnailUrl":"https:\/\/beautystudiorefresh.rs\/blog\/wp-content\/uploads\/2018\/07\/Alfaparf-Srbija-show-e1530976189901.jpg","keywords":["Alfaparf","alfaparf show","eliabe","francesco","frizerski doga\u0111aj godine","investinyourhair","predstavljanje brenda","ruslan"],"articleSection":["Doga\u0111aji","Kosa"],"inLanguage":"en-US","potentialAction":[{"@type":"CommentAction","name":"Comment","target":["https:\/\/beautystudiorefresh.rs\/blog\/najveci-alfaparf-dogadaj-u-srbiji\/#respond"]}]},{"@type":"WebPage","@id":"https:\/\/beautystudiorefresh.rs\/blog\/najveci-alfaparf-dogadaj-u-srbiji\/","url":"https:\/\/beautystudiorefresh.rs\/blog\/najveci-alfaparf-dogadaj-u-srbiji\/","name":"Najve\u0107i Alfaparf doga\u0111aj u Srbiji - Beauty Studio Refresh blog","isPartOf":{"@id":"https:\/\/beautystudiorefresh.rs\/blog\/#website"},"primaryImageOfPage":{"@id":"https:\/\/beautystudiorefresh.rs\/blog\/najveci-alfaparf-dogadaj-u-srbiji\/#primaryimage"},"image":{"@id":"https:\/\/beautystudiorefresh.rs\/blog\/najveci-alfaparf-dogadaj-u-srbiji\/#primaryimage"},"thumbnailUrl":"https:\/\/beautystudiorefresh.rs\/blog\/wp-content\/uploads\/2018\/07\/Alfaparf-Srbija-show-e1530976189901.jpg","datePublished":"2018-07-10T12:43:00+00:00","dateModified":"2018-07-11T11:01:09+00:00","description":"Do sada ste verovatno \u010duli za italijanski brend Alfaparf, koji proizvodi profesionalne preparate za kosu. \u017deleli bi da vas obavestimo da \u0107e ove godine biti odr\u017ean najve\u0107i Alfaparf doga\u0111aj u Srbiji do sad.","breadcrumb":{"@id":"https:\/\/beautystudiorefresh.rs\/blog\/najveci-alfaparf-dogadaj-u-srbiji\/#breadcrumb"},"inLanguage":"en-US","potentialAction":[{"@type":"ReadAction","target":["https:\/\/beautystudiorefresh.rs\/blog\/najveci-alfaparf-dogadaj-u-srbiji\/"]}]},{"@type":"ImageObject","inLanguage":"en-US","@id":"https:\/\/beautystudiorefresh.rs\/blog\/najveci-alfaparf-dogadaj-u-srbiji\/#primaryimage","url":"https:\/\/beautystudiorefresh.rs\/blog\/wp-content\/uploads\/2018\/07\/Alfaparf-Srbija-show-e1530976189901.jpg","contentUrl":"https:\/\/beautystudiorefresh.rs\/blog\/wp-content\/uploads\/2018\/07\/Alfaparf-Srbija-show-e1530976189901.jpg","width":600,"height":430,"caption":"Alfaparf Srbija show"},{"@type":"BreadcrumbList","@id":"https:\/\/beautystudiorefresh.rs\/blog\/najveci-alfaparf-dogadaj-u-srbiji\/#breadcrumb","itemListElement":[{"@type":"ListItem","position":1,"name":"Home","item":"https:\/\/beautystudiorefresh.rs\/blog\/"},{"@type":"ListItem","position":2,"name":"Najve\u0107i Alfaparf doga\u0111aj u Srbiji"}]},{"@type":"WebSite","@id":"https:\/\/beautystudiorefresh.rs\/blog\/#website","url":"https:\/\/beautystudiorefresh.rs\/blog\/","name":"Beauty Studio Refresh blog","description":"Nega, farbanje, \u0161i\u0161anje, stilizovanje kose. Sve za kosu na jednom mestu","publisher":{"@id":"https:\/\/beautystudiorefresh.rs\/blog\/#organization"},"potentialAction":[{"@type":"SearchAction","target":{"@type":"EntryPoint","urlTemplate":"https:\/\/beautystudiorefresh.rs\/blog\/?s={search_term_string}"},"query-input":"required name=search_term_string"}],"inLanguage":"en-US"},{"@type":"Organization","@id":"https:\/\/beautystudiorefresh.rs\/blog\/#organization","name":"Beauty studio Refresh","url":"https:\/\/beautystudiorefresh.rs\/blog\/","logo":{"@type":"ImageObject","inLanguage":"en-US","@id":"https:\/\/beautystudiorefresh.rs\/blog\/#\/schema\/logo\/image\/","url":"https:\/\/beautystudiorefresh.rs\/blog\/wp-content\/uploads\/2017\/01\/cropped-394015_172007246270481_13522921_n.png","contentUrl":"https:\/\/beautystudiorefresh.rs\/blog\/wp-content\/uploads\/2017\/01\/cropped-394015_172007246270481_13522921_n.png","width":1200,"height":280,"caption":"Beauty studio Refresh"},"image":{"@id":"https:\/\/beautystudiorefresh.rs\/blog\/#\/schema\/logo\/image\/"},"sameAs":["https:\/\/www.facebook.com\/BeautyStudioRefresh\/","https:\/\/www.instagram.com\/beautystudiorefresh\/","https:\/\/www.youtube.com\/channel\/UC5sIUx4aFlqvGUf7HW4EWOg"]},{"@type":"Person","@id":"https:\/\/beautystudiorefresh.rs\/blog\/#\/schema\/person\/e7e2156e1ec4c1b04d9fae95d99ada52","name":"Lazar Jovanovi\u0107","image":{"@type":"ImageObject","inLanguage":"en-US","@id":"https:\/\/beautystudiorefresh.rs\/blog\/#\/schema\/person\/image\/","url":"https:\/\/secure.gravatar.com\/avatar\/1d003f3eedfaa0fc46bb3dd8ce3cfb05?s=96&d=mm&r=g","contentUrl":"https:\/\/secure.gravatar.com\/avatar\/1d003f3eedfaa0fc46bb3dd8ce3cfb05?s=96&d=mm&r=g","caption":"Lazar Jovanovi\u0107"}}]}},"_links":{"self":[{"href":"https:\/\/beautystudiorefresh.rs\/blog\/wp-json\/wp\/v2\/posts\/627"}],"collection":[{"href":"https:\/\/beautystudiorefresh.rs\/blog\/wp-json\/wp\/v2\/posts"}],"about":[{"href":"https:\/\/beautystudiorefresh.rs\/blog\/wp-json\/wp\/v2\/types\/post"}],"author":[{"embeddable":true,"href":"https:\/\/beautystudiorefresh.rs\/blog\/wp-json\/wp\/v2\/users\/1"}],"replies":[{"embeddable":true,"href":"https:\/\/beautystudiorefresh.rs\/blog\/wp-json\/wp\/v2\/comments?post=627"}],"version-history":[{"count":0,"href":"https:\/\/beautystudiorefresh.rs\/blog\/wp-json\/wp\/v2\/posts\/627\/revisions"}],"wp:featuredmedia":[{"embeddable":true,"href":"https:\/\/beautystudiorefresh.rs\/blog\/wp-json\/wp\/v2\/media\/628"}],"wp:attachment":[{"href":"https:\/\/beautystudiorefresh.rs\/blog\/wp-json\/wp\/v2\/media?parent=627"}],"wp:term":[{"taxonomy":"category","embeddable":true,"href":"https:\/\/beautystudiorefresh.rs\/blog\/wp-json\/wp\/v2\/categories?post=627"},{"taxonomy":"post_tag","embeddable":true,"href":"https:\/\/beautystudiorefresh.rs\/blog\/wp-json\/wp\/v2\/tags?post=627"}],"curies":[{"name":"wp","href":"https:\/\/api.w.org\/{rel}","templated":true}]}}