{"id":685,"date":"2018-09-02T19:39:48","date_gmt":"2018-09-02T18:39:48","guid":{"rendered":"http:\/\/beautystudiorefresh.rs\/blog\/?p=685"},"modified":"2018-09-02T19:39:48","modified_gmt":"2018-09-02T18:39:48","slug":"alfaparf-show-u-srbiji","status":"publish","type":"post","link":"https:\/\/beautystudiorefresh.rs\/blog\/alfaparf-show-u-srbiji\/","title":{"rendered":"Alfaparf show u Srbiji"},"content":{"rendered":"<p>Pro\u0161li put smo pisali na temu <strong>Alfaparf show u Srbiji<\/strong> koji \u0107e se odr\u017eati u <strong>Beogradu 09.10.2018<\/strong>. u <strong>Top of the Hub U\u0161\u0107e<\/strong>. U <em><a href=\"http:\/\/beautystudiorefresh.rs\/blog\/najveci-alfaparf-dogadaj-u-srbiji\/\">pro\u0161lom tekstu<\/a> <\/em>ste mogli da pro\u010ditate detaljnije o poznatim svetskim frizerskim imenima koji \u0107e nastupati na ovom doga\u0111aju, kao i o frizerima iz Srbije. Sada mo\u017eete da vidite i kona\u010dni spisak frizera iz Srbije, kao i plan i program samog doga\u0111aja. Cena karte za ovaj show je 50eu. Obezbedite svoje mesto na vreme.<\/p>\n<p><img loading=\"lazy\" decoding=\"async\" class=\"size-medium wp-image-628 aligncenter\" src=\"http:\/\/beautystudiorefresh.rs\/blog\/wp-content\/uploads\/2018\/07\/Alfaparf-Srbija-show-300x215.jpg\" alt=\"Alfaparf Srbija show\" width=\"300\" height=\"215\" \/><\/p>\n<p>Velika nam je \u010dast da \u0107emo u Srbiji ugostiti frizerska imena kao \u0161to su: <a href=\"https:\/\/www.instagram.com\/ruslantatyanin\/\"><strong>Ruslan Tatyanin<\/strong><\/a>,\u00a0<strong><a href=\"https:\/\/www.instagram.com\/aranciofrancesco\/\">Francesco Arancio<\/a>,\u00a0<a href=\"https:\/\/www.instagram.com\/eliabemoreira\/\">Eliabe Moreira<\/a>.\u00a0<\/strong>U <em><a href=\"http:\/\/beautystudiorefresh.rs\/blog\/najveci-alfaparf-dogadaj-u-srbiji\/\">pro\u0161lom tekstu<\/a><\/em> mo\u017eete detaljnije pro\u010ditati o njima, kao \u0161to mo\u017eete videti i njihove instagram profile klikom na njihova imena u tekstu.<\/p>\n<p>\u0160to se ti\u010de srpskih predstavnika kona\u010dan spisak izgleda ovako: <strong><a href=\"https:\/\/www.instagram.com\/beautystudiorefresh\/\">Ivana Blagojevi\u0107<\/a><\/strong>, <strong><a href=\"https:\/\/www.instagram.com\/aleksandar_dodic\/\">Aleksandar Dodi\u0107<\/a><\/strong>, <a href=\"https:\/\/www.instagram.com\/bighairbytibor\/\"><strong>Liptak Tibor<\/strong><\/a>, <a href=\"https:\/\/www.instagram.com\/jasmin_smajovic_frizer\/\"><strong>Jasmin Smajovi\u0107<\/strong><\/a>, <a href=\"https:\/\/www.instagram.com\/mirkogodjevac\/\"><strong>Mirko Go\u0111evac<\/strong><\/a>, <strong><a href=\"https:\/\/www.instagram.com\/gavrilovsalon\/\">Gavrilo Vujovi\u0107<\/a>, <a href=\"https:\/\/www.facebook.com\/savas.05\">Sava&#8217;s<\/a>.\u00a0<\/strong><\/p>\n<p><img loading=\"lazy\" decoding=\"async\" class=\"aligncenter wp-image-686\" src=\"http:\/\/beautystudiorefresh.rs\/blog\/wp-content\/uploads\/2018\/09\/40561341_1194273727377156_3251514427479949312_n-300x221.jpg\" alt=\"alfaparf show u srbiji\" width=\"348\" height=\"256\" srcset=\"https:\/\/beautystudiorefresh.rs\/blog\/wp-content\/uploads\/2018\/09\/40561341_1194273727377156_3251514427479949312_n-300x221.jpg 300w, https:\/\/beautystudiorefresh.rs\/blog\/wp-content\/uploads\/2018\/09\/40561341_1194273727377156_3251514427479949312_n-768x565.jpg 768w, https:\/\/beautystudiorefresh.rs\/blog\/wp-content\/uploads\/2018\/09\/40561341_1194273727377156_3251514427479949312_n-780x574.jpg 780w, https:\/\/beautystudiorefresh.rs\/blog\/wp-content\/uploads\/2018\/09\/40561341_1194273727377156_3251514427479949312_n.jpg 960w\" sizes=\"(max-width: 348px) 100vw, 348px\" \/><\/p>\n<p>Ono \u0161to vas sve zanima je satnica i program samog doga\u0111aja. Ovaj doga\u0111aj je poseban i zbog toga \u0161to je njegovo trajanje 8h, da dobro ste pro\u010ditali. Posle nastupa je za sve gledaoce obezbe\u0111en koktel i dj. Pogledajmo o samom rasporedu ne\u0161to vi\u0161e:<\/p>\n<ul>\n<li><strong>17:00 &#8211; Okupljanje i pi\u0107e dobrodo\u0161lice\u00a0<\/strong><\/li>\n<li><strong>18:00 &#8211; Predstavljanje<\/strong><\/li>\n<li><strong>18:10 &#8211; 18:40 &#8211; Alfaparf team Serbia<\/strong><\/li>\n<li><strong>18:40 &#8211; 19:20 &#8211; Ruslan Tatyanin<\/strong><\/li>\n<li><strong>19:20 &#8211; 20:00 &#8211; Eliabe Moreira i Francesco Arancio<\/strong><\/li>\n<li><strong>20:00 &#8211; Zavr\u0161etak nastupa<\/strong><\/li>\n<li><strong>20:10 &#8211; 01:00 &#8211; Gala ve\u010dera, After party<\/strong><\/li>\n<\/ul>\n<p>&nbsp;<\/p>\n<p><img loading=\"lazy\" decoding=\"async\" class=\" wp-image-687 aligncenter\" src=\"http:\/\/beautystudiorefresh.rs\/blog\/wp-content\/uploads\/2018\/09\/40681518_1194273714043824_1107462484119257088_n-300x214.jpg\" alt=\"alfaparf show program\" width=\"362\" height=\"257\" srcset=\"https:\/\/beautystudiorefresh.rs\/blog\/wp-content\/uploads\/2018\/09\/40681518_1194273714043824_1107462484119257088_n-300x214.jpg 300w, https:\/\/beautystudiorefresh.rs\/blog\/wp-content\/uploads\/2018\/09\/40681518_1194273714043824_1107462484119257088_n-768x547.jpg 768w, https:\/\/beautystudiorefresh.rs\/blog\/wp-content\/uploads\/2018\/09\/40681518_1194273714043824_1107462484119257088_n-780x556.jpg 780w, https:\/\/beautystudiorefresh.rs\/blog\/wp-content\/uploads\/2018\/09\/40681518_1194273714043824_1107462484119257088_n.jpg 960w\" sizes=\"(max-width: 362px) 100vw, 362px\" \/><\/p>\n<p>&nbsp;<\/p>\n<p>Iskoristite mogu\u0107nosti ovakvog doga\u0111aja. Ne samo da \u0107ete imati prilike da gledate na bini vrhunske frizere, nego \u0107ete nakon toga imati mogu\u0107nost da upoznate nekog od njih, i napravite pravi networking. Ako do sada niste <strong>kupili kartu<\/strong> za ovaj show, savet vam je da to uradite \u0161to pre. Cena karte je <strong>50eura<\/strong> za jednu osobu, a kartu mo\u017eete nabaviti od nas. Ostavite poruku u komentar ili na neki od na\u0161ih profila na <strong><a href=\"https:\/\/www.facebook.com\/BeautyStudioRefresh\/\">dru\u0161tvenim <em>mre\u017eama<\/em><\/a><\/strong> ili <em><strong><a href=\"http:\/\/beautystudiorefresh.rs\/naslovna.html\">pozivom na broj<\/a><\/strong><\/em>.<\/p>\n<p>Ne dozvolite da vam prepri\u010davaju kako je bilo, budite vi ti koji \u0107e te drugima pri\u010dati kakav je bio <strong>Alfaparf show u Srbiji<\/strong>!<\/p>\n<p>&nbsp;<\/p>\n","protected":false},"excerpt":{"rendered":"<p>Pro\u0161li put smo pisali na temu Alfaparf show u Srbiji koji \u0107e se odr\u017eati u Beogradu 09.10.2018. u Top of the Hub U\u0161\u0107e. U pro\u0161lom tekstu ste mogli da pro\u010ditate detaljnije o poznatim svetskim frizerskim imenima koji \u0107e nastupati na ovom doga\u0111aju, kao i o frizerima iz Srbije. Sada mo\u017eete da vidite i kona\u010dni spisak &hellip;<\/p>\n","protected":false},"author":1,"featured_media":628,"comment_status":"open","ping_status":"open","sticky":false,"template":"","format":"standard","meta":{"_exactmetrics_skip_tracking":false,"_exactmetrics_sitenote_active":false,"_exactmetrics_sitenote_note":"","_exactmetrics_sitenote_category":0,"footnotes":""},"categories":[98],"tags":[121,99,120,115,123,124,122,102,125,126,127],"yoast_head":"<!-- This site is optimized with the Yoast SEO plugin v22.4 - https:\/\/yoast.com\/wordpress\/plugins\/seo\/ -->\n<title>Alfaparf show u Srbiji - Beauty Studio Refresh blog<\/title>\n<meta name=\"description\" content=\"Pro\u0161li put smo pisali na temu Alfaparf show u Srbiji koji \u0107e se odr\u017eati u Beogradu 09.10.2018. Ne dozvolite da vam prepri\u010davaju kako je bilo, buditet vi ti koji \u0107e te drugima pri\u010dati\" \/>\n<meta name=\"robots\" content=\"index, follow, max-snippet:-1, max-image-preview:large, max-video-preview:-1\" \/>\n<link rel=\"canonical\" href=\"https:\/\/beautystudiorefresh.rs\/blog\/alfaparf-show-u-srbiji\/\" \/>\n<meta property=\"og:locale\" content=\"en_US\" \/>\n<meta property=\"og:type\" content=\"article\" \/>\n<meta property=\"og:title\" content=\"Alfaparf show u Srbiji - Beauty Studio Refresh blog\" \/>\n<meta property=\"og:description\" content=\"Pro\u0161li put smo pisali na temu Alfaparf show u Srbiji koji \u0107e se odr\u017eati u Beogradu 09.10.2018. Ne dozvolite da vam prepri\u010davaju kako je bilo, buditet vi ti koji \u0107e te drugima pri\u010dati\" \/>\n<meta property=\"og:url\" content=\"https:\/\/beautystudiorefresh.rs\/blog\/alfaparf-show-u-srbiji\/\" \/>\n<meta property=\"og:site_name\" content=\"Beauty Studio Refresh blog\" \/>\n<meta property=\"article:publisher\" content=\"https:\/\/www.facebook.com\/BeautyStudioRefresh\/\" \/>\n<meta property=\"article:published_time\" content=\"2018-09-02T18:39:48+00:00\" \/>\n<meta property=\"og:image\" content=\"https:\/\/beautystudiorefresh.rs\/blog\/wp-content\/uploads\/2018\/07\/Alfaparf-Srbija-show-e1530976189901.jpg\" \/>\n\t<meta property=\"og:image:width\" content=\"600\" \/>\n\t<meta property=\"og:image:height\" content=\"430\" \/>\n\t<meta property=\"og:image:type\" content=\"image\/jpeg\" \/>\n<meta name=\"author\" content=\"Lazar Jovanovi\u0107\" \/>\n<meta name=\"twitter:card\" content=\"summary_large_image\" \/>\n<meta name=\"twitter:label1\" content=\"Written by\" \/>\n\t<meta name=\"twitter:data1\" content=\"Lazar Jovanovi\u0107\" \/>\n\t<meta name=\"twitter:label2\" content=\"Est. reading time\" \/>\n\t<meta name=\"twitter:data2\" content=\"2 minutes\" \/>\n<!-- \/ Yoast SEO plugin. -->","yoast_head_json":{"title":"Alfaparf show u Srbiji - Beauty Studio Refresh blog","description":"Pro\u0161li put smo pisali na temu Alfaparf show u Srbiji koji \u0107e se odr\u017eati u Beogradu 09.10.2018. Ne dozvolite da vam prepri\u010davaju kako je bilo, buditet vi ti koji \u0107e te drugima pri\u010dati","robots":{"index":"index","follow":"follow","max-snippet":"max-snippet:-1","max-image-preview":"max-image-preview:large","max-video-preview":"max-video-preview:-1"},"canonical":"https:\/\/beautystudiorefresh.rs\/blog\/alfaparf-show-u-srbiji\/","og_locale":"en_US","og_type":"article","og_title":"Alfaparf show u Srbiji - Beauty Studio Refresh blog","og_description":"Pro\u0161li put smo pisali na temu Alfaparf show u Srbiji koji \u0107e se odr\u017eati u Beogradu 09.10.2018. Ne dozvolite da vam prepri\u010davaju kako je bilo, buditet vi ti koji \u0107e te drugima pri\u010dati","og_url":"https:\/\/beautystudiorefresh.rs\/blog\/alfaparf-show-u-srbiji\/","og_site_name":"Beauty Studio Refresh blog","article_publisher":"https:\/\/www.facebook.com\/BeautyStudioRefresh\/","article_published_time":"2018-09-02T18:39:48+00:00","og_image":[{"width":600,"height":430,"url":"https:\/\/beautystudiorefresh.rs\/blog\/wp-content\/uploads\/2018\/07\/Alfaparf-Srbija-show-e1530976189901.jpg","type":"image\/jpeg"}],"author":"Lazar Jovanovi\u0107","twitter_card":"summary_large_image","twitter_misc":{"Written by":"Lazar Jovanovi\u0107","Est. reading time":"2 minutes"},"schema":{"@context":"https:\/\/schema.org","@graph":[{"@type":"Article","@id":"https:\/\/beautystudiorefresh.rs\/blog\/alfaparf-show-u-srbiji\/#article","isPartOf":{"@id":"https:\/\/beautystudiorefresh.rs\/blog\/alfaparf-show-u-srbiji\/"},"author":{"name":"Lazar Jovanovi\u0107","@id":"https:\/\/beautystudiorefresh.rs\/blog\/#\/schema\/person\/e7e2156e1ec4c1b04d9fae95d99ada52"},"headline":"Alfaparf show u Srbiji","datePublished":"2018-09-02T18:39:48+00:00","dateModified":"2018-09-02T18:39:48+00:00","mainEntityOfPage":{"@id":"https:\/\/beautystudiorefresh.rs\/blog\/alfaparf-show-u-srbiji\/"},"wordCount":358,"commentCount":0,"publisher":{"@id":"https:\/\/beautystudiorefresh.rs\/blog\/#organization"},"image":{"@id":"https:\/\/beautystudiorefresh.rs\/blog\/alfaparf-show-u-srbiji\/#primaryimage"},"thumbnailUrl":"https:\/\/beautystudiorefresh.rs\/blog\/wp-content\/uploads\/2018\/07\/Alfaparf-Srbija-show-e1530976189901.jpg","keywords":["alfaparf doga\u0111aj","alfaparf show","alfaparfsrbija","frizer Ivana Blagojevi\u0107","frizeri","frizerski doga\u0111aj","haidressers team serbia","investinyourhair","nastup frizera","poznati frizeri","topofthehub"],"articleSection":["Doga\u0111aji"],"inLanguage":"en-US","potentialAction":[{"@type":"CommentAction","name":"Comment","target":["https:\/\/beautystudiorefresh.rs\/blog\/alfaparf-show-u-srbiji\/#respond"]}]},{"@type":"WebPage","@id":"https:\/\/beautystudiorefresh.rs\/blog\/alfaparf-show-u-srbiji\/","url":"https:\/\/beautystudiorefresh.rs\/blog\/alfaparf-show-u-srbiji\/","name":"Alfaparf show u Srbiji - Beauty Studio Refresh blog","isPartOf":{"@id":"https:\/\/beautystudiorefresh.rs\/blog\/#website"},"primaryImageOfPage":{"@id":"https:\/\/beautystudiorefresh.rs\/blog\/alfaparf-show-u-srbiji\/#primaryimage"},"image":{"@id":"https:\/\/beautystudiorefresh.rs\/blog\/alfaparf-show-u-srbiji\/#primaryimage"},"thumbnailUrl":"https:\/\/beautystudiorefresh.rs\/blog\/wp-content\/uploads\/2018\/07\/Alfaparf-Srbija-show-e1530976189901.jpg","datePublished":"2018-09-02T18:39:48+00:00","dateModified":"2018-09-02T18:39:48+00:00","description":"Pro\u0161li put smo pisali na temu Alfaparf show u Srbiji koji \u0107e se odr\u017eati u Beogradu 09.10.2018. Ne dozvolite da vam prepri\u010davaju kako je bilo, buditet vi ti koji \u0107e te drugima pri\u010dati","breadcrumb":{"@id":"https:\/\/beautystudiorefresh.rs\/blog\/alfaparf-show-u-srbiji\/#breadcrumb"},"inLanguage":"en-US","potentialAction":[{"@type":"ReadAction","target":["https:\/\/beautystudiorefresh.rs\/blog\/alfaparf-show-u-srbiji\/"]}]},{"@type":"ImageObject","inLanguage":"en-US","@id":"https:\/\/beautystudiorefresh.rs\/blog\/alfaparf-show-u-srbiji\/#primaryimage","url":"https:\/\/beautystudiorefresh.rs\/blog\/wp-content\/uploads\/2018\/07\/Alfaparf-Srbija-show-e1530976189901.jpg","contentUrl":"https:\/\/beautystudiorefresh.rs\/blog\/wp-content\/uploads\/2018\/07\/Alfaparf-Srbija-show-e1530976189901.jpg","width":600,"height":430,"caption":"Alfaparf Srbija show"},{"@type":"BreadcrumbList","@id":"https:\/\/beautystudiorefresh.rs\/blog\/alfaparf-show-u-srbiji\/#breadcrumb","itemListElement":[{"@type":"ListItem","position":1,"name":"Home","item":"https:\/\/beautystudiorefresh.rs\/blog\/"},{"@type":"ListItem","position":2,"name":"Alfaparf show u Srbiji"}]},{"@type":"WebSite","@id":"https:\/\/beautystudiorefresh.rs\/blog\/#website","url":"https:\/\/beautystudiorefresh.rs\/blog\/","name":"Beauty Studio Refresh blog","description":"Nega, farbanje, \u0161i\u0161anje, stilizovanje kose. Sve za kosu na jednom mestu","publisher":{"@id":"https:\/\/beautystudiorefresh.rs\/blog\/#organization"},"potentialAction":[{"@type":"SearchAction","target":{"@type":"EntryPoint","urlTemplate":"https:\/\/beautystudiorefresh.rs\/blog\/?s={search_term_string}"},"query-input":"required name=search_term_string"}],"inLanguage":"en-US"},{"@type":"Organization","@id":"https:\/\/beautystudiorefresh.rs\/blog\/#organization","name":"Beauty studio Refresh","url":"https:\/\/beautystudiorefresh.rs\/blog\/","logo":{"@type":"ImageObject","inLanguage":"en-US","@id":"https:\/\/beautystudiorefresh.rs\/blog\/#\/schema\/logo\/image\/","url":"https:\/\/beautystudiorefresh.rs\/blog\/wp-content\/uploads\/2017\/01\/cropped-394015_172007246270481_13522921_n.png","contentUrl":"https:\/\/beautystudiorefresh.rs\/blog\/wp-content\/uploads\/2017\/01\/cropped-394015_172007246270481_13522921_n.png","width":1200,"height":280,"caption":"Beauty studio Refresh"},"image":{"@id":"https:\/\/beautystudiorefresh.rs\/blog\/#\/schema\/logo\/image\/"},"sameAs":["https:\/\/www.facebook.com\/BeautyStudioRefresh\/","https:\/\/www.instagram.com\/beautystudiorefresh\/","https:\/\/www.youtube.com\/channel\/UC5sIUx4aFlqvGUf7HW4EWOg"]},{"@type":"Person","@id":"https:\/\/beautystudiorefresh.rs\/blog\/#\/schema\/person\/e7e2156e1ec4c1b04d9fae95d99ada52","name":"Lazar Jovanovi\u0107","image":{"@type":"ImageObject","inLanguage":"en-US","@id":"https:\/\/beautystudiorefresh.rs\/blog\/#\/schema\/person\/image\/","url":"https:\/\/secure.gravatar.com\/avatar\/1d003f3eedfaa0fc46bb3dd8ce3cfb05?s=96&d=mm&r=g","contentUrl":"https:\/\/secure.gravatar.com\/avatar\/1d003f3eedfaa0fc46bb3dd8ce3cfb05?s=96&d=mm&r=g","caption":"Lazar Jovanovi\u0107"}}]}},"_links":{"self":[{"href":"https:\/\/beautystudiorefresh.rs\/blog\/wp-json\/wp\/v2\/posts\/685"}],"collection":[{"href":"https:\/\/beautystudiorefresh.rs\/blog\/wp-json\/wp\/v2\/posts"}],"about":[{"href":"https:\/\/beautystudiorefresh.rs\/blog\/wp-json\/wp\/v2\/types\/post"}],"author":[{"embeddable":true,"href":"https:\/\/beautystudiorefresh.rs\/blog\/wp-json\/wp\/v2\/users\/1"}],"replies":[{"embeddable":true,"href":"https:\/\/beautystudiorefresh.rs\/blog\/wp-json\/wp\/v2\/comments?post=685"}],"version-history":[{"count":2,"href":"https:\/\/beautystudiorefresh.rs\/blog\/wp-json\/wp\/v2\/posts\/685\/revisions"}],"predecessor-version":[{"id":689,"href":"https:\/\/beautystudiorefresh.rs\/blog\/wp-json\/wp\/v2\/posts\/685\/revisions\/689"}],"wp:featuredmedia":[{"embeddable":true,"href":"https:\/\/beautystudiorefresh.rs\/blog\/wp-json\/wp\/v2\/media\/628"}],"wp:attachment":[{"href":"https:\/\/beautystudiorefresh.rs\/blog\/wp-json\/wp\/v2\/media?parent=685"}],"wp:term":[{"taxonomy":"category","embeddable":true,"href":"https:\/\/beautystudiorefresh.rs\/blog\/wp-json\/wp\/v2\/categories?post=685"},{"taxonomy":"post_tag","embeddable":true,"href":"https:\/\/beautystudiorefresh.rs\/blog\/wp-json\/wp\/v2\/tags?post=685"}],"curies":[{"name":"wp","href":"https:\/\/api.w.org\/{rel}","templated":true}]}}